{"id":436,"date":"2016-08-24T09:40:04","date_gmt":"2016-08-24T07:40:04","guid":{"rendered":"http:\/\/transparenz-ja.ch\/fr\/?p=436"},"modified":"2016-09-26T14:47:23","modified_gmt":"2016-09-26T12:47:23","slug":"republique-bananiere","status":"publish","type":"post","link":"https:\/\/transparenz-ja.ch\/fr\/republique-bananiere\/","title":{"rendered":"La Suisse : une r\u00e9publique banani\u00e8re"},"content":{"rendered":"<blockquote><p>La Suisse est une r\u00e9publique banani\u00e8re en mati\u00e8re de transparence dans le financement de la politique. Avec l\u2019initiative sur la transparence, nous changeons cela.<\/p><\/blockquote>\n<p>La Suisse est une r\u00e9publique banani\u00e8re en mati\u00e8re de transparence dans le financement de la politique. L\u2019initiative sur la transparence devrait y rem\u00e9dier.<\/p>\n<p>\u00ab\u00a0R\u00e9publique f\u00e9d\u00e9rale\u00a0\u00bb est le terme qui apparait sur Wikip\u00e9dia lorsque l\u2019on cherche la forme d\u2019\u00e9tat de la Suisse. Mais quand il est question des finances des partis politiques et de leur divulgation, notre pays n\u2019est rien d\u2019autre qu\u2019une r\u00e9publique banani\u00e8re.<\/p>\n<p>Contrairement aux grandes d\u00e9mocraties \u00e0 travers le monde et \u00e0 tous nos pays voisins, le financement des partis politiques en Suisse n\u2019est pas r\u00e9glement\u00e9 par la loi et totalement opaque, sans parler des campagnes pour les \u00e9lections et votations.<\/p>\n<p>L\u2019initiative sur la transparence devrait \u00eatre un premier pas vers plus de clart\u00e9 quant aux d\u00e9pendances financi\u00e8res. Le financement des partis et des personnes morales et physiques doit en partie \u00eatre rendu public\u00a0:<\/p>\n<ul>\n<li>Les partis d\u00e9clarent leurs factures et la provenance de toutes d\u00e9penses de plus de 10&rsquo;000 francs.<\/li>\n<li>Les personnes morales et physiques, qui investissent plus que 100&rsquo;000 francs dans une campagne sont oblig\u00e9es de d\u00e9clarer les dons majeurs.<\/li>\n<li>Les chiffres seront rendus publics avant une votation ou une \u00e9lection.<\/li>\n<\/ul>\n<p>La plus grande fain\u00e9antise, parmi toutes les bananes dans la r\u00e9publique suisse, reste toutefois que chez nous, les grosses donations anonymes aux partis ou \u00e0 des politiciennes ou politiciens demeurent autoris\u00e9es. L\u2019initiative veut aussi en finir avec cette pratique.<\/p>\n<p>Tout comme les entreprises cot\u00e9es en bourse, les partis repr\u00e9sent\u00e9s au Palais f\u00e9d\u00e9ral devraient publier, en plus des plus gros dons individuels, leur bilan et leur compte de r\u00e9sultats chaque ann\u00e9e. La chancellerie f\u00e9d\u00e9rale, qui tient un registre des partis depuis 2002, doit contr\u00f4ler ces chiffres et les publier.<\/p>\n<p>Comme toutes les lois, celle-ci pourra \u00eatre intentionnellement contourn\u00e9e. Mais ce n\u2019est cependant pas une raison pour la rejeter. Et le texte de l\u2019initiative est formul\u00e9 de telle mani\u00e8re qu\u2019il n\u2019offre que peu de possibilit\u00e9s de fraude. D\u2019\u00e9ventuelles lacunes restent l\u00e9gales, mais ne sont plus l\u00e9gitimes, selon la phrase \u00ab\u00a0une fois la r\u00e9putation ruin\u00e9e, on ne fait plus de politique sans g\u00eane\u00a0\u00bb.<\/p>\n<p>Cela fait plusieurs ann\u00e9es que les liens d\u2019int\u00e9r\u00eat doivent \u00eatre r\u00e9v\u00e9l\u00e9s au Palais f\u00e9d\u00e9ral. Il est donc coh\u00e9rent, de r\u00e9v\u00e9ler enfin les flux financiers. \u00ab\u00a0 Si un processus de prise de d\u00e9cision ind\u00e9pendant de toute influence devait vraiment \u00eatre assur\u00e9, les informations sur l\u2019origine des fonds pour une campagne de votation devraient \u00eatre donn\u00e9es aux \u00e9lectrices et \u00e9lecteurs\u00a0\u00bb explique par exemple le Prof. Dr. Martina Caroni de l\u2019universit\u00e9 de Lucerne et auteure du livre\u00a0: \u00ab\u00a0Argent et politique\u00a0: le financement des campagnes politiques tiraill\u00e9 entre la Constitution, la d\u00e9mocratie et la volont\u00e9 politique\u00a0\u00bb.<\/p>\n<p>Car c\u2019est pr\u00e9cis\u00e9ment de la volont\u00e9 politique dont il est question \u00e0 la fin. \u00a0Ce n\u2019est que lorsque les informations sur le financement d\u2019une campagne de votation ou d\u2019\u00e9lection seront accessibles qu\u2019un processus de prise de d\u00e9cision sans influence pourra vraiment \u00eatre assur\u00e9.<\/p>\n<p>Je partage le verdict de \u00ab\u00a0Transparency International\u00a0\u00bb\u00a0: le manque de transparence dans le financement de la politique nuit \u00e0 l\u2019image du pays, \u00e0 la confiance des citoyennes et citoyens dans la politique et \u00e0 la l\u00e9gitimit\u00e9 d\u00e9mocratique des d\u00e9cisions prises. Pour moi, l\u2019initiative sur la transparence n\u2019est qu\u2019un premier pas vers plus de justice et de fairplay dans la politique. La prochaine \u00e9tape concerne les revenus des politiciennes et politiciens\u2026<\/p>\n<p><em>Angelo Barrile, conseiller national PS<\/em><\/p>\n","protected":false},"excerpt":{"rendered":"<p>La Suisse est une r\u00e9publique banani\u00e8re en mati\u00e8re de transparence dans le financement de la politique. Avec l\u2019initiative sur la transparence, nous changeons cela. La Suisse est une r\u00e9publique banani\u00e8re en mati\u00e8re de transparence dans le financement de la politique. L\u2019initiative sur la transparence devrait y rem\u00e9dier. \u00ab\u00a0R\u00e9publique f\u00e9d\u00e9rale\u00a0\u00bb est le terme qui apparait sur &hellip; <a href=\"https:\/\/transparenz-ja.ch\/fr\/republique-bananiere\/\" title=\"La Suisse : une r\u00e9publique banani\u00e8re\" class=\"read-more\">Lire la suite<\/a><\/p>\n","protected":false},"author":90,"featured_media":423,"comment_status":"closed","ping_status":"open","sticky":false,"template":"","format":"standard","meta":{"footnotes":""},"categories":[2],"tags":[],"class_list":["post-436","post","type-post","status-publish","format-standard","has-post-thumbnail","hentry","category-blog"],"yoast_head":"<!-- This site is optimized with the Yoast SEO plugin v27.4 - https:\/\/yoast.com\/product\/yoast-seo-wordpress\/ -->\n<title>La Suisse : une r\u00e9publique banani\u00e8re - Transparenz-Initiative<\/title>\n<meta name=\"robots\" content=\"index, follow, max-snippet:-1, max-image-preview:large, max-video-preview:-1\" \/>\n<link rel=\"canonical\" href=\"https:\/\/transparenz-ja.ch\/fr\/republique-bananiere\/\" \/>\n<meta property=\"og:locale\" content=\"fr_FR\" \/>\n<meta property=\"og:type\" content=\"article\" \/>\n<meta property=\"og:title\" content=\"La Suisse : une r\u00e9publique banani\u00e8re - Transparenz-Initiative\" \/>\n<meta property=\"og:description\" content=\"La Suisse est une r\u00e9publique banani\u00e8re en mati\u00e8re de transparence dans le financement de la politique. Avec l\u2019initiative sur la transparence, nous changeons cela. La Suisse est une r\u00e9publique banani\u00e8re en mati\u00e8re de transparence dans le financement de la politique. L\u2019initiative sur la transparence devrait y rem\u00e9dier. \u00ab\u00a0R\u00e9publique f\u00e9d\u00e9rale\u00a0\u00bb est le terme qui apparait sur [&hellip;]\" \/>\n<meta property=\"og:url\" content=\"https:\/\/transparenz-ja.ch\/fr\/republique-bananiere\/\" \/>\n<meta property=\"og:site_name\" content=\"Transparenz-Initiative\" \/>\n<meta property=\"article:published_time\" content=\"2016-08-24T07:40:04+00:00\" \/>\n<meta property=\"article:modified_time\" content=\"2016-09-26T12:47:23+00:00\" \/>\n<meta property=\"og:image\" content=\"https:\/\/transparenz-ja.ch\/wp-content\/uploads\/sites\/65\/2016\/08\/portr\u00e4t-angelo.jpg\" \/>\n\t<meta property=\"og:image:width\" content=\"940\" \/>\n\t<meta property=\"og:image:height\" content=\"504\" \/>\n\t<meta property=\"og:image:type\" content=\"image\/jpeg\" \/>\n<meta name=\"author\" content=\"Salome Trafelet\" \/>\n<meta name=\"twitter:card\" content=\"summary_large_image\" \/>\n<meta name=\"twitter:label1\" content=\"\u00c9crit par\" \/>\n\t<meta name=\"twitter:data1\" content=\"Salome Trafelet\" \/>\n\t<meta name=\"twitter:label2\" content=\"Dur\u00e9e de lecture estim\u00e9e\" \/>\n\t<meta name=\"twitter:data2\" content=\"3 minutes\" \/>\n<script type=\"application\/ld+json\" class=\"yoast-schema-graph\">{\"@context\":\"https:\\\/\\\/schema.org\",\"@graph\":[{\"@type\":\"Article\",\"@id\":\"https:\\\/\\\/transparenz-ja.ch\\\/fr\\\/republique-bananiere\\\/#article\",\"isPartOf\":{\"@id\":\"https:\\\/\\\/transparenz-ja.ch\\\/fr\\\/republique-bananiere\\\/\"},\"author\":{\"name\":\"Salome Trafelet\",\"@id\":\"https:\\\/\\\/transparenz-ja.ch\\\/#\\\/schema\\\/person\\\/d99be41d35389a2e03d38a83b93633a9\"},\"headline\":\"La Suisse : une r\u00e9publique banani\u00e8re\",\"datePublished\":\"2016-08-24T07:40:04+00:00\",\"dateModified\":\"2016-09-26T12:47:23+00:00\",\"mainEntityOfPage\":{\"@id\":\"https:\\\/\\\/transparenz-ja.ch\\\/fr\\\/republique-bananiere\\\/\"},\"wordCount\":655,\"image\":{\"@id\":\"https:\\\/\\\/transparenz-ja.ch\\\/fr\\\/republique-bananiere\\\/#primaryimage\"},\"thumbnailUrl\":\"https:\\\/\\\/transparenz-ja.ch\\\/wp-content\\\/uploads\\\/sites\\\/65\\\/2016\\\/08\\\/portr\u00e4t-angelo.jpg\",\"articleSection\":[\"blog\"],\"inLanguage\":\"fr-FR\"},{\"@type\":\"WebPage\",\"@id\":\"https:\\\/\\\/transparenz-ja.ch\\\/fr\\\/republique-bananiere\\\/\",\"url\":\"https:\\\/\\\/transparenz-ja.ch\\\/fr\\\/republique-bananiere\\\/\",\"name\":\"La Suisse : une r\u00e9publique banani\u00e8re - Transparenz-Initiative\",\"isPartOf\":{\"@id\":\"https:\\\/\\\/transparenz-ja.ch\\\/#website\"},\"primaryImageOfPage\":{\"@id\":\"https:\\\/\\\/transparenz-ja.ch\\\/fr\\\/republique-bananiere\\\/#primaryimage\"},\"image\":{\"@id\":\"https:\\\/\\\/transparenz-ja.ch\\\/fr\\\/republique-bananiere\\\/#primaryimage\"},\"thumbnailUrl\":\"https:\\\/\\\/transparenz-ja.ch\\\/wp-content\\\/uploads\\\/sites\\\/65\\\/2016\\\/08\\\/portr\u00e4t-angelo.jpg\",\"datePublished\":\"2016-08-24T07:40:04+00:00\",\"dateModified\":\"2016-09-26T12:47:23+00:00\",\"author\":{\"@id\":\"https:\\\/\\\/transparenz-ja.ch\\\/#\\\/schema\\\/person\\\/d99be41d35389a2e03d38a83b93633a9\"},\"breadcrumb\":{\"@id\":\"https:\\\/\\\/transparenz-ja.ch\\\/fr\\\/republique-bananiere\\\/#breadcrumb\"},\"inLanguage\":\"fr-FR\",\"potentialAction\":[{\"@type\":\"ReadAction\",\"target\":[\"https:\\\/\\\/transparenz-ja.ch\\\/fr\\\/republique-bananiere\\\/\"]}]},{\"@type\":\"ImageObject\",\"inLanguage\":\"fr-FR\",\"@id\":\"https:\\\/\\\/transparenz-ja.ch\\\/fr\\\/republique-bananiere\\\/#primaryimage\",\"url\":\"https:\\\/\\\/transparenz-ja.ch\\\/wp-content\\\/uploads\\\/sites\\\/65\\\/2016\\\/08\\\/portr\u00e4t-angelo.jpg\",\"contentUrl\":\"https:\\\/\\\/transparenz-ja.ch\\\/wp-content\\\/uploads\\\/sites\\\/65\\\/2016\\\/08\\\/portr\u00e4t-angelo.jpg\",\"width\":940,\"height\":504},{\"@type\":\"BreadcrumbList\",\"@id\":\"https:\\\/\\\/transparenz-ja.ch\\\/fr\\\/republique-bananiere\\\/#breadcrumb\",\"itemListElement\":[{\"@type\":\"ListItem\",\"position\":1,\"name\":\"Startseite\",\"item\":\"https:\\\/\\\/transparenz-ja.ch\\\/fr\\\/\"},{\"@type\":\"ListItem\",\"position\":2,\"name\":\"La Suisse : une r\u00e9publique banani\u00e8re\"}]},{\"@type\":\"WebSite\",\"@id\":\"https:\\\/\\\/transparenz-ja.ch\\\/#website\",\"url\":\"https:\\\/\\\/transparenz-ja.ch\\\/\",\"name\":\"Transparenz-Initiative\",\"description\":\"F\u00fcr mehr Transparenz in der Politikfinanzierung\",\"potentialAction\":[{\"@type\":\"SearchAction\",\"target\":{\"@type\":\"EntryPoint\",\"urlTemplate\":\"https:\\\/\\\/transparenz-ja.ch\\\/?s={search_term_string}\"},\"query-input\":{\"@type\":\"PropertyValueSpecification\",\"valueRequired\":true,\"valueName\":\"search_term_string\"}}],\"inLanguage\":\"fr-FR\"},{\"@type\":\"Person\",\"@id\":\"https:\\\/\\\/transparenz-ja.ch\\\/#\\\/schema\\\/person\\\/d99be41d35389a2e03d38a83b93633a9\",\"name\":\"Salome Trafelet\",\"image\":{\"@type\":\"ImageObject\",\"inLanguage\":\"fr-FR\",\"@id\":\"https:\\\/\\\/secure.gravatar.com\\\/avatar\\\/a99f1cb654ca07f0a5b89efedb434b1d264b2be2d6a6c7115f3fb5dd720ae65d?s=96&d=mm&r=g\",\"url\":\"https:\\\/\\\/secure.gravatar.com\\\/avatar\\\/a99f1cb654ca07f0a5b89efedb434b1d264b2be2d6a6c7115f3fb5dd720ae65d?s=96&d=mm&r=g\",\"contentUrl\":\"https:\\\/\\\/secure.gravatar.com\\\/avatar\\\/a99f1cb654ca07f0a5b89efedb434b1d264b2be2d6a6c7115f3fb5dd720ae65d?s=96&d=mm&r=g\",\"caption\":\"Salome Trafelet\"},\"description\":\"Mitarbeiterin Transparenz-Initiative\",\"url\":\"https:\\\/\\\/transparenz-ja.ch\\\/fr\\\/author\\\/strafelet\\\/\"}]}<\/script>\n<!-- \/ Yoast SEO plugin. -->","yoast_head_json":{"title":"La Suisse : une r\u00e9publique banani\u00e8re - Transparenz-Initiative","robots":{"index":"index","follow":"follow","max-snippet":"max-snippet:-1","max-image-preview":"max-image-preview:large","max-video-preview":"max-video-preview:-1"},"canonical":"https:\/\/transparenz-ja.ch\/fr\/republique-bananiere\/","og_locale":"fr_FR","og_type":"article","og_title":"La Suisse : une r\u00e9publique banani\u00e8re - Transparenz-Initiative","og_description":"La Suisse est une r\u00e9publique banani\u00e8re en mati\u00e8re de transparence dans le financement de la politique. Avec l\u2019initiative sur la transparence, nous changeons cela. La Suisse est une r\u00e9publique banani\u00e8re en mati\u00e8re de transparence dans le financement de la politique. L\u2019initiative sur la transparence devrait y rem\u00e9dier. \u00ab\u00a0R\u00e9publique f\u00e9d\u00e9rale\u00a0\u00bb est le terme qui apparait sur [&hellip;]","og_url":"https:\/\/transparenz-ja.ch\/fr\/republique-bananiere\/","og_site_name":"Transparenz-Initiative","article_published_time":"2016-08-24T07:40:04+00:00","article_modified_time":"2016-09-26T12:47:23+00:00","og_image":[{"width":940,"height":504,"url":"https:\/\/transparenz-ja.ch\/wp-content\/uploads\/sites\/65\/2016\/08\/portr\u00e4t-angelo.jpg","type":"image\/jpeg"}],"author":"Salome Trafelet","twitter_card":"summary_large_image","twitter_misc":{"\u00c9crit par":"Salome Trafelet","Dur\u00e9e de lecture estim\u00e9e":"3 minutes"},"schema":{"@context":"https:\/\/schema.org","@graph":[{"@type":"Article","@id":"https:\/\/transparenz-ja.ch\/fr\/republique-bananiere\/#article","isPartOf":{"@id":"https:\/\/transparenz-ja.ch\/fr\/republique-bananiere\/"},"author":{"name":"Salome Trafelet","@id":"https:\/\/transparenz-ja.ch\/#\/schema\/person\/d99be41d35389a2e03d38a83b93633a9"},"headline":"La Suisse : une r\u00e9publique banani\u00e8re","datePublished":"2016-08-24T07:40:04+00:00","dateModified":"2016-09-26T12:47:23+00:00","mainEntityOfPage":{"@id":"https:\/\/transparenz-ja.ch\/fr\/republique-bananiere\/"},"wordCount":655,"image":{"@id":"https:\/\/transparenz-ja.ch\/fr\/republique-bananiere\/#primaryimage"},"thumbnailUrl":"https:\/\/transparenz-ja.ch\/wp-content\/uploads\/sites\/65\/2016\/08\/portr\u00e4t-angelo.jpg","articleSection":["blog"],"inLanguage":"fr-FR"},{"@type":"WebPage","@id":"https:\/\/transparenz-ja.ch\/fr\/republique-bananiere\/","url":"https:\/\/transparenz-ja.ch\/fr\/republique-bananiere\/","name":"La Suisse : une r\u00e9publique banani\u00e8re - Transparenz-Initiative","isPartOf":{"@id":"https:\/\/transparenz-ja.ch\/#website"},"primaryImageOfPage":{"@id":"https:\/\/transparenz-ja.ch\/fr\/republique-bananiere\/#primaryimage"},"image":{"@id":"https:\/\/transparenz-ja.ch\/fr\/republique-bananiere\/#primaryimage"},"thumbnailUrl":"https:\/\/transparenz-ja.ch\/wp-content\/uploads\/sites\/65\/2016\/08\/portr\u00e4t-angelo.jpg","datePublished":"2016-08-24T07:40:04+00:00","dateModified":"2016-09-26T12:47:23+00:00","author":{"@id":"https:\/\/transparenz-ja.ch\/#\/schema\/person\/d99be41d35389a2e03d38a83b93633a9"},"breadcrumb":{"@id":"https:\/\/transparenz-ja.ch\/fr\/republique-bananiere\/#breadcrumb"},"inLanguage":"fr-FR","potentialAction":[{"@type":"ReadAction","target":["https:\/\/transparenz-ja.ch\/fr\/republique-bananiere\/"]}]},{"@type":"ImageObject","inLanguage":"fr-FR","@id":"https:\/\/transparenz-ja.ch\/fr\/republique-bananiere\/#primaryimage","url":"https:\/\/transparenz-ja.ch\/wp-content\/uploads\/sites\/65\/2016\/08\/portr\u00e4t-angelo.jpg","contentUrl":"https:\/\/transparenz-ja.ch\/wp-content\/uploads\/sites\/65\/2016\/08\/portr\u00e4t-angelo.jpg","width":940,"height":504},{"@type":"BreadcrumbList","@id":"https:\/\/transparenz-ja.ch\/fr\/republique-bananiere\/#breadcrumb","itemListElement":[{"@type":"ListItem","position":1,"name":"Startseite","item":"https:\/\/transparenz-ja.ch\/fr\/"},{"@type":"ListItem","position":2,"name":"La Suisse : une r\u00e9publique banani\u00e8re"}]},{"@type":"WebSite","@id":"https:\/\/transparenz-ja.ch\/#website","url":"https:\/\/transparenz-ja.ch\/","name":"Transparenz-Initiative","description":"F\u00fcr mehr Transparenz in der Politikfinanzierung","potentialAction":[{"@type":"SearchAction","target":{"@type":"EntryPoint","urlTemplate":"https:\/\/transparenz-ja.ch\/?s={search_term_string}"},"query-input":{"@type":"PropertyValueSpecification","valueRequired":true,"valueName":"search_term_string"}}],"inLanguage":"fr-FR"},{"@type":"Person","@id":"https:\/\/transparenz-ja.ch\/#\/schema\/person\/d99be41d35389a2e03d38a83b93633a9","name":"Salome Trafelet","image":{"@type":"ImageObject","inLanguage":"fr-FR","@id":"https:\/\/secure.gravatar.com\/avatar\/a99f1cb654ca07f0a5b89efedb434b1d264b2be2d6a6c7115f3fb5dd720ae65d?s=96&d=mm&r=g","url":"https:\/\/secure.gravatar.com\/avatar\/a99f1cb654ca07f0a5b89efedb434b1d264b2be2d6a6c7115f3fb5dd720ae65d?s=96&d=mm&r=g","contentUrl":"https:\/\/secure.gravatar.com\/avatar\/a99f1cb654ca07f0a5b89efedb434b1d264b2be2d6a6c7115f3fb5dd720ae65d?s=96&d=mm&r=g","caption":"Salome Trafelet"},"description":"Mitarbeiterin Transparenz-Initiative","url":"https:\/\/transparenz-ja.ch\/fr\/author\/strafelet\/"}]}},"_links":{"self":[{"href":"https:\/\/transparenz-ja.ch\/fr\/wp-json\/wp\/v2\/posts\/436","targetHints":{"allow":["GET"]}}],"collection":[{"href":"https:\/\/transparenz-ja.ch\/fr\/wp-json\/wp\/v2\/posts"}],"about":[{"href":"https:\/\/transparenz-ja.ch\/fr\/wp-json\/wp\/v2\/types\/post"}],"author":[{"embeddable":true,"href":"https:\/\/transparenz-ja.ch\/fr\/wp-json\/wp\/v2\/users\/90"}],"replies":[{"embeddable":true,"href":"https:\/\/transparenz-ja.ch\/fr\/wp-json\/wp\/v2\/comments?post=436"}],"version-history":[{"count":2,"href":"https:\/\/transparenz-ja.ch\/fr\/wp-json\/wp\/v2\/posts\/436\/revisions"}],"predecessor-version":[{"id":458,"href":"https:\/\/transparenz-ja.ch\/fr\/wp-json\/wp\/v2\/posts\/436\/revisions\/458"}],"wp:featuredmedia":[{"embeddable":true,"href":"https:\/\/transparenz-ja.ch\/fr\/wp-json\/wp\/v2\/media\/423"}],"wp:attachment":[{"href":"https:\/\/transparenz-ja.ch\/fr\/wp-json\/wp\/v2\/media?parent=436"}],"wp:term":[{"taxonomy":"category","embeddable":true,"href":"https:\/\/transparenz-ja.ch\/fr\/wp-json\/wp\/v2\/categories?post=436"},{"taxonomy":"post_tag","embeddable":true,"href":"https:\/\/transparenz-ja.ch\/fr\/wp-json\/wp\/v2\/tags?post=436"}],"curies":[{"name":"wp","href":"https:\/\/api.w.org\/{rel}","templated":true}]}}