{"id":573,"date":"2018-01-31T13:35:35","date_gmt":"2018-01-31T12:35:35","guid":{"rendered":"https:\/\/transparenz-ja.ch\/?p=573"},"modified":"2018-01-31T13:35:35","modified_gmt":"2018-01-31T12:35:35","slug":"plus-de-transparence-renforce-la-democratie-directe","status":"publish","type":"post","link":"https:\/\/transparenz-ja.ch\/fr\/plus-de-transparence-renforce-la-democratie-directe\/","title":{"rendered":"Plus de transparence renforce la d\u00e9mocratie directe"},"content":{"rendered":"<p><strong>Le Conseil f\u00e9d\u00e9ral rejette l\u2019initiative sur la transparence, sans contre-projet. Pour le Comit\u00e9 d\u2019initiative, cette d\u00e9cision est incompr\u00e9hensible et contrevient \u00e0 la n\u00e9cessit\u00e9 d\u2019ind\u00e9pendance du monde politique. Le manque de transparence dans le financement des partis est d\u2019autant plus probl\u00e9matique dans une d\u00e9mocratie directe, telle que nous la vivons en Suisse.<\/strong><\/p>\n<p>\u00c0 travers toute l\u2019Europe, la Suisse est le seul pays \u00e0 n\u2019avoir aucune r\u00e9glementation en mati\u00e8re de transparence pour le financement des partis politiques. Ann\u00e9e apr\u00e8s ann\u00e9e, cet \u00e9tat de fait est critiqu\u00e9 par le Groupe d\u2019\u00c9tats contre la corruption (GRECO) et par l\u2019Organisation pour la coop\u00e9ration et le d\u00e9veloppement \u00e9conomique (OCDE). Aucun pays europ\u00e9en n\u2019offre la possibilit\u00e9 \u00e0 ses citoyen-ne-s de s\u2019exprimer aussi r\u00e9guli\u00e8rement au travers de votations ou d\u2019\u00e9lections que la Suisse. Nous sommes toutes et tous fiers de ce droit, cependant le jeu doit \u00eatre ouvert et transparent. La population est en droit de savoir quels sont les g\u00e9n\u00e9reux sponsors qui, aujourd\u2019hui, se cachent derri\u00e8re les partis ou les diff\u00e9rents comit\u00e9s de campagne. Pour Nadine Masshardt, conseill\u00e8re nationale (PS\/BE), \u00ab\u2009plus de transparence consolide la d\u00e9mocratie directe, soutient le processus de construction de l\u2019opinion et renforce la confiance envers le monde politique\u2009\u00bb.<\/p>\n<p>L\u2019initiative exige que les finances des partis et des campagnes soient rendues publiques, tout comme les dons sup\u00e9rieurs \u00e0 10\u2009000 francs. Pour Rosmarie Quadranti, conseill\u00e8re nationale (PBD\/ZH), \u00ab\u2009l\u2019initiative cherche simplement \u00e0 combler un d\u00e9ficit inacceptable dans une d\u00e9mocratie directe\u2009: aujourd\u2019hui, les votantes et votants n\u2019ont aucune possibilit\u00e9 de conna\u00eetre la provenance des dons importants lors de campagnes de votations et donc les liens d\u2019int\u00e9r\u00eat potentiels de certaines candidatures, entreprises ou priv\u00e9s. Le montant global engag\u00e9 dans une votation ou lors d\u2019\u00e9lections est, lui aussi, totalement pass\u00e9 sous silence\u2009\u00bb.<\/p>\n<p>Lisa Mazzone, conseill\u00e8re nationale (Les Verts\/GE), rajoute encore que \u00ab\u2009la transparence renforce la cr\u00e9dibilit\u00e9 du monde politique. Les nombreux sondages sur la question tendent \u00e0 montrer que la population souhaite cet apport de transparence\u2009\u00bb. Il est donc d\u2019autant plus incompr\u00e9hensible que le Conseil f\u00e9d\u00e9ral ait d\u00e9cid\u00e9 aujourd\u2019hui de laisser l\u2019opacit\u00e9 r\u00e9gner sur les liens d\u2019int\u00e9r\u00eats des partis et des diff\u00e9rents comit\u00e9s de votations.<\/p>\n","protected":false},"excerpt":{"rendered":"<p>Le Conseil f\u00e9d\u00e9ral rejette l\u2019initiative sur la transparence, sans contre-projet. Pour le Comit\u00e9 d\u2019initiative, cette d\u00e9cision est incompr\u00e9hensible et contrevient \u00e0 la n\u00e9cessit\u00e9 d\u2019ind\u00e9pendance du monde politique. Le manque de transparence dans le financement des partis est d\u2019autant plus probl\u00e9matique dans une d\u00e9mocratie directe, telle que nous la vivons en Suisse. \u00c0 travers toute l\u2019Europe, &hellip; <a href=\"https:\/\/transparenz-ja.ch\/fr\/plus-de-transparence-renforce-la-democratie-directe\/\" title=\"Plus de transparence renforce la d\u00e9mocratie directe\" class=\"read-more\">Lire la suite<\/a><\/p>\n","protected":false},"author":68,"featured_media":571,"comment_status":"closed","ping_status":"open","sticky":false,"template":"","format":"standard","meta":{"footnotes":""},"categories":[6],"tags":[],"class_list":["post-573","post","type-post","status-publish","format-standard","has-post-thumbnail","hentry","category-communique-de-presse"],"yoast_head":"<!-- This site is optimized with the Yoast SEO plugin v27.5 - https:\/\/yoast.com\/product\/yoast-seo-wordpress\/ -->\n<title>Plus de transparence renforce la d\u00e9mocratie directe - Transparenz-Initiative<\/title>\n<meta name=\"robots\" content=\"index, follow, max-snippet:-1, max-image-preview:large, max-video-preview:-1\" \/>\n<link rel=\"canonical\" href=\"https:\/\/transparenz-ja.ch\/fr\/plus-de-transparence-renforce-la-democratie-directe\/\" \/>\n<meta property=\"og:locale\" content=\"fr_FR\" \/>\n<meta property=\"og:type\" content=\"article\" \/>\n<meta property=\"og:title\" content=\"Plus de transparence renforce la d\u00e9mocratie directe - Transparenz-Initiative\" \/>\n<meta property=\"og:description\" content=\"Le Conseil f\u00e9d\u00e9ral rejette l\u2019initiative sur la transparence, sans contre-projet. Pour le Comit\u00e9 d\u2019initiative, cette d\u00e9cision est incompr\u00e9hensible et contrevient \u00e0 la n\u00e9cessit\u00e9 d\u2019ind\u00e9pendance du monde politique. Le manque de transparence dans le financement des partis est d\u2019autant plus probl\u00e9matique dans une d\u00e9mocratie directe, telle que nous la vivons en Suisse. \u00c0 travers toute l\u2019Europe, [&hellip;]\" \/>\n<meta property=\"og:url\" content=\"https:\/\/transparenz-ja.ch\/fr\/plus-de-transparence-renforce-la-democratie-directe\/\" \/>\n<meta property=\"og:site_name\" content=\"Transparenz-Initiative\" \/>\n<meta property=\"article:author\" content=\"https:\/\/www.facebook.com\/zuercher.jonas\" \/>\n<meta property=\"article:published_time\" content=\"2018-01-31T12:35:35+00:00\" \/>\n<meta property=\"og:image\" content=\"https:\/\/transparenz-ja.ch\/wp-content\/uploads\/sites\/65\/2018\/01\/tranps.jpg\" \/>\n\t<meta property=\"og:image:width\" content=\"870\" \/>\n\t<meta property=\"og:image:height\" content=\"455\" \/>\n\t<meta property=\"og:image:type\" content=\"image\/jpeg\" \/>\n<meta name=\"author\" content=\"Jonas Z\u00fcrcher\" \/>\n<meta name=\"twitter:card\" content=\"summary_large_image\" \/>\n<meta name=\"twitter:label1\" content=\"\u00c9crit par\" \/>\n\t<meta name=\"twitter:data1\" content=\"Jonas Z\u00fcrcher\" \/>\n\t<meta name=\"twitter:label2\" content=\"Dur\u00e9e de lecture estim\u00e9e\" \/>\n\t<meta name=\"twitter:data2\" content=\"2 minutes\" \/>\n<script type=\"application\/ld+json\" class=\"yoast-schema-graph\">{\"@context\":\"https:\\\/\\\/schema.org\",\"@graph\":[{\"@type\":\"Article\",\"@id\":\"https:\\\/\\\/transparenz-ja.ch\\\/fr\\\/plus-de-transparence-renforce-la-democratie-directe\\\/#article\",\"isPartOf\":{\"@id\":\"https:\\\/\\\/transparenz-ja.ch\\\/fr\\\/plus-de-transparence-renforce-la-democratie-directe\\\/\"},\"author\":{\"name\":\"Jonas Z\u00fcrcher\",\"@id\":\"https:\\\/\\\/transparenz-ja.ch\\\/#\\\/schema\\\/person\\\/c7868445a8e3d1ad33024e860e2f44af\"},\"headline\":\"Plus de transparence renforce la d\u00e9mocratie directe\",\"datePublished\":\"2018-01-31T12:35:35+00:00\",\"mainEntityOfPage\":{\"@id\":\"https:\\\/\\\/transparenz-ja.ch\\\/fr\\\/plus-de-transparence-renforce-la-democratie-directe\\\/\"},\"wordCount\":416,\"image\":{\"@id\":\"https:\\\/\\\/transparenz-ja.ch\\\/fr\\\/plus-de-transparence-renforce-la-democratie-directe\\\/#primaryimage\"},\"thumbnailUrl\":\"https:\\\/\\\/transparenz-ja.ch\\\/wp-content\\\/uploads\\\/sites\\\/65\\\/2018\\\/01\\\/tranps.jpg\",\"articleSection\":[\"communiqu\u00e9 de presse\"],\"inLanguage\":\"fr-FR\"},{\"@type\":\"WebPage\",\"@id\":\"https:\\\/\\\/transparenz-ja.ch\\\/fr\\\/plus-de-transparence-renforce-la-democratie-directe\\\/\",\"url\":\"https:\\\/\\\/transparenz-ja.ch\\\/fr\\\/plus-de-transparence-renforce-la-democratie-directe\\\/\",\"name\":\"Plus de transparence renforce la d\u00e9mocratie directe - Transparenz-Initiative\",\"isPartOf\":{\"@id\":\"https:\\\/\\\/transparenz-ja.ch\\\/#website\"},\"primaryImageOfPage\":{\"@id\":\"https:\\\/\\\/transparenz-ja.ch\\\/fr\\\/plus-de-transparence-renforce-la-democratie-directe\\\/#primaryimage\"},\"image\":{\"@id\":\"https:\\\/\\\/transparenz-ja.ch\\\/fr\\\/plus-de-transparence-renforce-la-democratie-directe\\\/#primaryimage\"},\"thumbnailUrl\":\"https:\\\/\\\/transparenz-ja.ch\\\/wp-content\\\/uploads\\\/sites\\\/65\\\/2018\\\/01\\\/tranps.jpg\",\"datePublished\":\"2018-01-31T12:35:35+00:00\",\"author\":{\"@id\":\"https:\\\/\\\/transparenz-ja.ch\\\/#\\\/schema\\\/person\\\/c7868445a8e3d1ad33024e860e2f44af\"},\"breadcrumb\":{\"@id\":\"https:\\\/\\\/transparenz-ja.ch\\\/fr\\\/plus-de-transparence-renforce-la-democratie-directe\\\/#breadcrumb\"},\"inLanguage\":\"fr-FR\",\"potentialAction\":[{\"@type\":\"ReadAction\",\"target\":[\"https:\\\/\\\/transparenz-ja.ch\\\/fr\\\/plus-de-transparence-renforce-la-democratie-directe\\\/\"]}]},{\"@type\":\"ImageObject\",\"inLanguage\":\"fr-FR\",\"@id\":\"https:\\\/\\\/transparenz-ja.ch\\\/fr\\\/plus-de-transparence-renforce-la-democratie-directe\\\/#primaryimage\",\"url\":\"https:\\\/\\\/transparenz-ja.ch\\\/wp-content\\\/uploads\\\/sites\\\/65\\\/2018\\\/01\\\/tranps.jpg\",\"contentUrl\":\"https:\\\/\\\/transparenz-ja.ch\\\/wp-content\\\/uploads\\\/sites\\\/65\\\/2018\\\/01\\\/tranps.jpg\",\"width\":870,\"height\":455},{\"@type\":\"BreadcrumbList\",\"@id\":\"https:\\\/\\\/transparenz-ja.ch\\\/fr\\\/plus-de-transparence-renforce-la-democratie-directe\\\/#breadcrumb\",\"itemListElement\":[{\"@type\":\"ListItem\",\"position\":1,\"name\":\"Startseite\",\"item\":\"https:\\\/\\\/transparenz-ja.ch\\\/fr\\\/\"},{\"@type\":\"ListItem\",\"position\":2,\"name\":\"Plus de transparence renforce la d\u00e9mocratie directe\"}]},{\"@type\":\"WebSite\",\"@id\":\"https:\\\/\\\/transparenz-ja.ch\\\/#website\",\"url\":\"https:\\\/\\\/transparenz-ja.ch\\\/\",\"name\":\"Transparenz-Initiative\",\"description\":\"F\u00fcr mehr Transparenz in der Politikfinanzierung\",\"potentialAction\":[{\"@type\":\"SearchAction\",\"target\":{\"@type\":\"EntryPoint\",\"urlTemplate\":\"https:\\\/\\\/transparenz-ja.ch\\\/?s={search_term_string}\"},\"query-input\":{\"@type\":\"PropertyValueSpecification\",\"valueRequired\":true,\"valueName\":\"search_term_string\"}}],\"inLanguage\":\"fr-FR\"},{\"@type\":\"Person\",\"@id\":\"https:\\\/\\\/transparenz-ja.ch\\\/#\\\/schema\\\/person\\\/c7868445a8e3d1ad33024e860e2f44af\",\"name\":\"Jonas Z\u00fcrcher\",\"image\":{\"@type\":\"ImageObject\",\"inLanguage\":\"fr-FR\",\"@id\":\"https:\\\/\\\/secure.gravatar.com\\\/avatar\\\/1dc8cea5aac6dabbe870f8f04360eb36dfd9d487360876e6a3a86d063189c284?s=96&d=mm&r=g\",\"url\":\"https:\\\/\\\/secure.gravatar.com\\\/avatar\\\/1dc8cea5aac6dabbe870f8f04360eb36dfd9d487360876e6a3a86d063189c284?s=96&d=mm&r=g\",\"contentUrl\":\"https:\\\/\\\/secure.gravatar.com\\\/avatar\\\/1dc8cea5aac6dabbe870f8f04360eb36dfd9d487360876e6a3a86d063189c284?s=96&d=mm&r=g\",\"caption\":\"Jonas Z\u00fcrcher\"},\"sameAs\":[\"http:\\\/\\\/jonaszuercher.ch\",\"https:\\\/\\\/www.facebook.com\\\/zuercher.jonas\"],\"url\":\"https:\\\/\\\/transparenz-ja.ch\\\/fr\\\/author\\\/jzuercher\\\/\"}]}<\/script>\n<!-- \/ Yoast SEO plugin. -->","yoast_head_json":{"title":"Plus de transparence renforce la d\u00e9mocratie directe - Transparenz-Initiative","robots":{"index":"index","follow":"follow","max-snippet":"max-snippet:-1","max-image-preview":"max-image-preview:large","max-video-preview":"max-video-preview:-1"},"canonical":"https:\/\/transparenz-ja.ch\/fr\/plus-de-transparence-renforce-la-democratie-directe\/","og_locale":"fr_FR","og_type":"article","og_title":"Plus de transparence renforce la d\u00e9mocratie directe - Transparenz-Initiative","og_description":"Le Conseil f\u00e9d\u00e9ral rejette l\u2019initiative sur la transparence, sans contre-projet. Pour le Comit\u00e9 d\u2019initiative, cette d\u00e9cision est incompr\u00e9hensible et contrevient \u00e0 la n\u00e9cessit\u00e9 d\u2019ind\u00e9pendance du monde politique. Le manque de transparence dans le financement des partis est d\u2019autant plus probl\u00e9matique dans une d\u00e9mocratie directe, telle que nous la vivons en Suisse. \u00c0 travers toute l\u2019Europe, [&hellip;]","og_url":"https:\/\/transparenz-ja.ch\/fr\/plus-de-transparence-renforce-la-democratie-directe\/","og_site_name":"Transparenz-Initiative","article_author":"https:\/\/www.facebook.com\/zuercher.jonas","article_published_time":"2018-01-31T12:35:35+00:00","og_image":[{"width":870,"height":455,"url":"https:\/\/transparenz-ja.ch\/wp-content\/uploads\/sites\/65\/2018\/01\/tranps.jpg","type":"image\/jpeg"}],"author":"Jonas Z\u00fcrcher","twitter_card":"summary_large_image","twitter_misc":{"\u00c9crit par":"Jonas Z\u00fcrcher","Dur\u00e9e de lecture estim\u00e9e":"2 minutes"},"schema":{"@context":"https:\/\/schema.org","@graph":[{"@type":"Article","@id":"https:\/\/transparenz-ja.ch\/fr\/plus-de-transparence-renforce-la-democratie-directe\/#article","isPartOf":{"@id":"https:\/\/transparenz-ja.ch\/fr\/plus-de-transparence-renforce-la-democratie-directe\/"},"author":{"name":"Jonas Z\u00fcrcher","@id":"https:\/\/transparenz-ja.ch\/#\/schema\/person\/c7868445a8e3d1ad33024e860e2f44af"},"headline":"Plus de transparence renforce la d\u00e9mocratie directe","datePublished":"2018-01-31T12:35:35+00:00","mainEntityOfPage":{"@id":"https:\/\/transparenz-ja.ch\/fr\/plus-de-transparence-renforce-la-democratie-directe\/"},"wordCount":416,"image":{"@id":"https:\/\/transparenz-ja.ch\/fr\/plus-de-transparence-renforce-la-democratie-directe\/#primaryimage"},"thumbnailUrl":"https:\/\/transparenz-ja.ch\/wp-content\/uploads\/sites\/65\/2018\/01\/tranps.jpg","articleSection":["communiqu\u00e9 de presse"],"inLanguage":"fr-FR"},{"@type":"WebPage","@id":"https:\/\/transparenz-ja.ch\/fr\/plus-de-transparence-renforce-la-democratie-directe\/","url":"https:\/\/transparenz-ja.ch\/fr\/plus-de-transparence-renforce-la-democratie-directe\/","name":"Plus de transparence renforce la d\u00e9mocratie directe - Transparenz-Initiative","isPartOf":{"@id":"https:\/\/transparenz-ja.ch\/#website"},"primaryImageOfPage":{"@id":"https:\/\/transparenz-ja.ch\/fr\/plus-de-transparence-renforce-la-democratie-directe\/#primaryimage"},"image":{"@id":"https:\/\/transparenz-ja.ch\/fr\/plus-de-transparence-renforce-la-democratie-directe\/#primaryimage"},"thumbnailUrl":"https:\/\/transparenz-ja.ch\/wp-content\/uploads\/sites\/65\/2018\/01\/tranps.jpg","datePublished":"2018-01-31T12:35:35+00:00","author":{"@id":"https:\/\/transparenz-ja.ch\/#\/schema\/person\/c7868445a8e3d1ad33024e860e2f44af"},"breadcrumb":{"@id":"https:\/\/transparenz-ja.ch\/fr\/plus-de-transparence-renforce-la-democratie-directe\/#breadcrumb"},"inLanguage":"fr-FR","potentialAction":[{"@type":"ReadAction","target":["https:\/\/transparenz-ja.ch\/fr\/plus-de-transparence-renforce-la-democratie-directe\/"]}]},{"@type":"ImageObject","inLanguage":"fr-FR","@id":"https:\/\/transparenz-ja.ch\/fr\/plus-de-transparence-renforce-la-democratie-directe\/#primaryimage","url":"https:\/\/transparenz-ja.ch\/wp-content\/uploads\/sites\/65\/2018\/01\/tranps.jpg","contentUrl":"https:\/\/transparenz-ja.ch\/wp-content\/uploads\/sites\/65\/2018\/01\/tranps.jpg","width":870,"height":455},{"@type":"BreadcrumbList","@id":"https:\/\/transparenz-ja.ch\/fr\/plus-de-transparence-renforce-la-democratie-directe\/#breadcrumb","itemListElement":[{"@type":"ListItem","position":1,"name":"Startseite","item":"https:\/\/transparenz-ja.ch\/fr\/"},{"@type":"ListItem","position":2,"name":"Plus de transparence renforce la d\u00e9mocratie directe"}]},{"@type":"WebSite","@id":"https:\/\/transparenz-ja.ch\/#website","url":"https:\/\/transparenz-ja.ch\/","name":"Transparenz-Initiative","description":"F\u00fcr mehr Transparenz in der Politikfinanzierung","potentialAction":[{"@type":"SearchAction","target":{"@type":"EntryPoint","urlTemplate":"https:\/\/transparenz-ja.ch\/?s={search_term_string}"},"query-input":{"@type":"PropertyValueSpecification","valueRequired":true,"valueName":"search_term_string"}}],"inLanguage":"fr-FR"},{"@type":"Person","@id":"https:\/\/transparenz-ja.ch\/#\/schema\/person\/c7868445a8e3d1ad33024e860e2f44af","name":"Jonas Z\u00fcrcher","image":{"@type":"ImageObject","inLanguage":"fr-FR","@id":"https:\/\/secure.gravatar.com\/avatar\/1dc8cea5aac6dabbe870f8f04360eb36dfd9d487360876e6a3a86d063189c284?s=96&d=mm&r=g","url":"https:\/\/secure.gravatar.com\/avatar\/1dc8cea5aac6dabbe870f8f04360eb36dfd9d487360876e6a3a86d063189c284?s=96&d=mm&r=g","contentUrl":"https:\/\/secure.gravatar.com\/avatar\/1dc8cea5aac6dabbe870f8f04360eb36dfd9d487360876e6a3a86d063189c284?s=96&d=mm&r=g","caption":"Jonas Z\u00fcrcher"},"sameAs":["http:\/\/jonaszuercher.ch","https:\/\/www.facebook.com\/zuercher.jonas"],"url":"https:\/\/transparenz-ja.ch\/fr\/author\/jzuercher\/"}]}},"_links":{"self":[{"href":"https:\/\/transparenz-ja.ch\/fr\/wp-json\/wp\/v2\/posts\/573","targetHints":{"allow":["GET"]}}],"collection":[{"href":"https:\/\/transparenz-ja.ch\/fr\/wp-json\/wp\/v2\/posts"}],"about":[{"href":"https:\/\/transparenz-ja.ch\/fr\/wp-json\/wp\/v2\/types\/post"}],"author":[{"embeddable":true,"href":"https:\/\/transparenz-ja.ch\/fr\/wp-json\/wp\/v2\/users\/68"}],"replies":[{"embeddable":true,"href":"https:\/\/transparenz-ja.ch\/fr\/wp-json\/wp\/v2\/comments?post=573"}],"version-history":[{"count":1,"href":"https:\/\/transparenz-ja.ch\/fr\/wp-json\/wp\/v2\/posts\/573\/revisions"}],"predecessor-version":[{"id":574,"href":"https:\/\/transparenz-ja.ch\/fr\/wp-json\/wp\/v2\/posts\/573\/revisions\/574"}],"wp:featuredmedia":[{"embeddable":true,"href":"https:\/\/transparenz-ja.ch\/fr\/wp-json\/wp\/v2\/media\/571"}],"wp:attachment":[{"href":"https:\/\/transparenz-ja.ch\/fr\/wp-json\/wp\/v2\/media?parent=573"}],"wp:term":[{"taxonomy":"category","embeddable":true,"href":"https:\/\/transparenz-ja.ch\/fr\/wp-json\/wp\/v2\/categories?post=573"},{"taxonomy":"post_tag","embeddable":true,"href":"https:\/\/transparenz-ja.ch\/fr\/wp-json\/wp\/v2\/tags?post=573"}],"curies":[{"name":"wp","href":"https:\/\/api.w.org\/{rel}","templated":true}]}}