{"id":474,"date":"2017-08-11T19:45:48","date_gmt":"2017-08-11T17:45:48","guid":{"rendered":"http:\/\/transparenz-ja.ch\/?p=474\/"},"modified":"2017-08-11T18:03:25","modified_gmt":"2017-08-11T16:03:25","slug":"linitiative-transparence-atteint-les-120%e2%80%89000-signatures","status":"publish","type":"post","link":"https:\/\/transparenz-ja.ch\/fr\/linitiative-transparence-atteint-les-120%e2%80%89000-signatures\/","title":{"rendered":"L\u2019initiative transparence atteint les 120\u2009000 signatures"},"content":{"rendered":"<p><strong>L\u2019initiative populaire \u00ab\u2009pour plus de transparence dans le financement de la vie politique\u2009\u00bb a abouti. La coalition interpartis a r\u00e9colt\u00e9 plus de 120\u2009000 signatures et d\u00e9posera ainsi, cet automne et dans les d\u00e9lais, l\u2019initiative transparence. Les citoyennes et citoyens seront appel\u00e9s \u00e0 se prononcer si les partis et les comit\u00e9s politiques doivent \u00e0 l\u2019avenir rendre leurs budgets publics et d\u00e9clarer les dons importants de plus de 10\u2009000 francs.<\/strong><\/p>\n<p>Pour Nadine Masshardt, conseill\u00e8re nationale socialiste et co-pr\u00e9sidente de la coalition, \u00ab\u2009la transparence renforce la d\u00e9mocratie. Pour les citoyennes et les citoyens, il est important de savoir quels acteurs soutiennent quelles campagnes, quels int\u00e9r\u00eats sont donc en jeu, ainsi que les volumes financiers qui sont investis. Ce n\u2019est qu\u2019en prenant en compte tous ces \u00e9l\u00e9ments qu\u2019un avis objectif peut \u00eatre forg\u00e9\u2009\u00bb.<\/p>\n<p>\u00ab\u2009La question n\u2019est pas de rendre public le fait que mon voisin ait fait un don de 100 francs \u00e0 un parti\u2009; cela peut sans autre rester du domaine priv\u00e9\u2009\u00bb, pr\u00e9cise la conseill\u00e8re nationale PBD Rosmarie Quadranti, \u00e9galement co-pr\u00e9sidente du Comit\u00e9 d\u2019initiative. \u00ab\u2009<em>A contrario<\/em>, les dons importants, au-del\u00e0 de 10\u2009000 francs, rel\u00e8vent de l\u2019int\u00e9r\u00eat g\u00e9n\u00e9ral, car ils peuvent conduire \u00e0 un lien de d\u00e9pendance et doivent, en ce sens, \u00eatre rendus publics.\u2009\u00bb<\/p>\n<p>La troisi\u00e8me co-pr\u00e9sidente, Lisa Mazzone, conseill\u00e8re nationale verte, compte \u00e9galement renforcer la confiance dans le monde politique, gr\u00e2ce \u00e0 une plus grande transparence. \u00ab\u2009En ouvrant leurs comptes et en jouant la transparence, les partis, les associations et les organisations concern\u00e9es d\u00e9montrent la consid\u00e9ration qu\u2019ils portent aux citoyennes et citoyens. C\u2019est une mesure pr\u00e9ventive tr\u00e8s efficace pour lutter contre la d\u00e9fiance qui peut voir le jour \u00e0 l\u2019encontre du monde politique, comme cela peut malheureusement \u00eatre constat\u00e9 dans certains pays.\u2009\u00bb<\/p>\n<p>L\u2019initiative sur la transparence est port\u00e9e par le PS, les Verts, le PBD, le PEV, le Parti pirates, la Jeunesse socialiste, les Jeunes Verts, les Jeunes PBD, les Jeunes PEV, la session des jeunes, opendata.ch, ainsi que la section suisse de Transparency International. Les signatures r\u00e9colt\u00e9es seront encore valid\u00e9es au cours des prochaines semaines et d\u00e9pos\u00e9es au courant de l\u2019automne, dans le d\u00e9lai imparti.<\/p>\n<p>&nbsp;<\/p>\n<p><u>Information:<\/u><\/p>\n<p>Nadine Masshardt, conseill\u00e8re nationale PS, co-pr\u00e9sidente de la coalition, 079 312 79 80<\/p>\n<p>Lisa Mazzone, conseill\u00e8re nationale Les Verts, co-pr\u00e9sidente de la coalition, 077 404 16 08<\/p>\n<p>Rosmarie Quadranti, conseill\u00e8re nationale PBD, co-pr\u00e9sidente de la coalition, 079 865 86 11<\/p>\n","protected":false},"excerpt":{"rendered":"<p>L\u2019initiative populaire \u00ab\u2009pour plus de transparence dans le financement de la vie politique\u2009\u00bb a abouti. La coalition interpartis a r\u00e9colt\u00e9 plus de 120\u2009000 signatures et d\u00e9posera ainsi, cet automne et dans les d\u00e9lais, l\u2019initiative transparence. Les citoyennes et citoyens seront appel\u00e9s \u00e0 se prononcer si les partis et les comit\u00e9s politiques doivent \u00e0 l\u2019avenir rendre &hellip; <a href=\"https:\/\/transparenz-ja.ch\/fr\/linitiative-transparence-atteint-les-120%e2%80%89000-signatures\/\" title=\"L\u2019initiative transparence atteint les 120\u2009000 signatures\" class=\"read-more\">Lire la suite<\/a><\/p>\n","protected":false},"author":68,"featured_media":0,"comment_status":"closed","ping_status":"open","sticky":false,"template":"","format":"standard","meta":{"footnotes":""},"categories":[6],"tags":[],"class_list":["post-474","post","type-post","status-publish","format-standard","hentry","category-communique-de-presse"],"yoast_head":"<!-- This site is optimized with the Yoast SEO plugin v27.4 - https:\/\/yoast.com\/product\/yoast-seo-wordpress\/ -->\n<title>L\u2019initiative transparence atteint les 120\u2009000 signatures - Transparenz-Initiative<\/title>\n<meta name=\"robots\" content=\"index, follow, max-snippet:-1, max-image-preview:large, max-video-preview:-1\" \/>\n<link rel=\"canonical\" href=\"https:\/\/transparenz-ja.ch\/fr\/linitiative-transparence-atteint-les-120\u2009000-signatures\/\" \/>\n<meta property=\"og:locale\" content=\"fr_FR\" \/>\n<meta property=\"og:type\" content=\"article\" \/>\n<meta property=\"og:title\" content=\"L\u2019initiative transparence atteint les 120\u2009000 signatures - Transparenz-Initiative\" \/>\n<meta property=\"og:description\" content=\"L\u2019initiative populaire \u00ab\u2009pour plus de transparence dans le financement de la vie politique\u2009\u00bb a abouti. La coalition interpartis a r\u00e9colt\u00e9 plus de 120\u2009000 signatures et d\u00e9posera ainsi, cet automne et dans les d\u00e9lais, l\u2019initiative transparence. Les citoyennes et citoyens seront appel\u00e9s \u00e0 se prononcer si les partis et les comit\u00e9s politiques doivent \u00e0 l\u2019avenir rendre [&hellip;]\" \/>\n<meta property=\"og:url\" content=\"https:\/\/transparenz-ja.ch\/fr\/linitiative-transparence-atteint-les-120\u2009000-signatures\/\" \/>\n<meta property=\"og:site_name\" content=\"Transparenz-Initiative\" \/>\n<meta property=\"article:author\" content=\"https:\/\/www.facebook.com\/zuercher.jonas\" \/>\n<meta property=\"article:published_time\" content=\"2017-08-11T17:45:48+00:00\" \/>\n<meta name=\"author\" content=\"Jonas Z\u00fcrcher\" \/>\n<meta name=\"twitter:card\" content=\"summary_large_image\" \/>\n<meta name=\"twitter:label1\" content=\"\u00c9crit par\" \/>\n\t<meta name=\"twitter:data1\" content=\"Jonas Z\u00fcrcher\" \/>\n\t<meta name=\"twitter:label2\" content=\"Dur\u00e9e de lecture estim\u00e9e\" \/>\n\t<meta name=\"twitter:data2\" content=\"2 minutes\" \/>\n<script type=\"application\/ld+json\" class=\"yoast-schema-graph\">{\"@context\":\"https:\\\/\\\/schema.org\",\"@graph\":[{\"@type\":\"Article\",\"@id\":\"https:\\\/\\\/transparenz-ja.ch\\\/fr\\\/linitiative-transparence-atteint-les-120%e2%80%89000-signatures\\\/#article\",\"isPartOf\":{\"@id\":\"https:\\\/\\\/transparenz-ja.ch\\\/fr\\\/linitiative-transparence-atteint-les-120%e2%80%89000-signatures\\\/\"},\"author\":{\"name\":\"Jonas Z\u00fcrcher\",\"@id\":\"https:\\\/\\\/transparenz-ja.ch\\\/#\\\/schema\\\/person\\\/c7868445a8e3d1ad33024e860e2f44af\"},\"headline\":\"L\u2019initiative transparence atteint les 120\u2009000 signatures\",\"datePublished\":\"2017-08-11T17:45:48+00:00\",\"mainEntityOfPage\":{\"@id\":\"https:\\\/\\\/transparenz-ja.ch\\\/fr\\\/linitiative-transparence-atteint-les-120%e2%80%89000-signatures\\\/\"},\"wordCount\":429,\"articleSection\":[\"communiqu\u00e9 de presse\"],\"inLanguage\":\"fr-FR\"},{\"@type\":\"WebPage\",\"@id\":\"https:\\\/\\\/transparenz-ja.ch\\\/fr\\\/linitiative-transparence-atteint-les-120%e2%80%89000-signatures\\\/\",\"url\":\"https:\\\/\\\/transparenz-ja.ch\\\/fr\\\/linitiative-transparence-atteint-les-120%e2%80%89000-signatures\\\/\",\"name\":\"L\u2019initiative transparence atteint les 120\u2009000 signatures - Transparenz-Initiative\",\"isPartOf\":{\"@id\":\"https:\\\/\\\/transparenz-ja.ch\\\/#website\"},\"datePublished\":\"2017-08-11T17:45:48+00:00\",\"author\":{\"@id\":\"https:\\\/\\\/transparenz-ja.ch\\\/#\\\/schema\\\/person\\\/c7868445a8e3d1ad33024e860e2f44af\"},\"breadcrumb\":{\"@id\":\"https:\\\/\\\/transparenz-ja.ch\\\/fr\\\/linitiative-transparence-atteint-les-120%e2%80%89000-signatures\\\/#breadcrumb\"},\"inLanguage\":\"fr-FR\",\"potentialAction\":[{\"@type\":\"ReadAction\",\"target\":[\"https:\\\/\\\/transparenz-ja.ch\\\/fr\\\/linitiative-transparence-atteint-les-120%e2%80%89000-signatures\\\/\"]}]},{\"@type\":\"BreadcrumbList\",\"@id\":\"https:\\\/\\\/transparenz-ja.ch\\\/fr\\\/linitiative-transparence-atteint-les-120%e2%80%89000-signatures\\\/#breadcrumb\",\"itemListElement\":[{\"@type\":\"ListItem\",\"position\":1,\"name\":\"Startseite\",\"item\":\"https:\\\/\\\/transparenz-ja.ch\\\/fr\\\/\"},{\"@type\":\"ListItem\",\"position\":2,\"name\":\"L\u2019initiative transparence atteint les 120\u2009000 signatures\"}]},{\"@type\":\"WebSite\",\"@id\":\"https:\\\/\\\/transparenz-ja.ch\\\/#website\",\"url\":\"https:\\\/\\\/transparenz-ja.ch\\\/\",\"name\":\"Transparenz-Initiative\",\"description\":\"F\u00fcr mehr Transparenz in der Politikfinanzierung\",\"potentialAction\":[{\"@type\":\"SearchAction\",\"target\":{\"@type\":\"EntryPoint\",\"urlTemplate\":\"https:\\\/\\\/transparenz-ja.ch\\\/?s={search_term_string}\"},\"query-input\":{\"@type\":\"PropertyValueSpecification\",\"valueRequired\":true,\"valueName\":\"search_term_string\"}}],\"inLanguage\":\"fr-FR\"},{\"@type\":\"Person\",\"@id\":\"https:\\\/\\\/transparenz-ja.ch\\\/#\\\/schema\\\/person\\\/c7868445a8e3d1ad33024e860e2f44af\",\"name\":\"Jonas Z\u00fcrcher\",\"image\":{\"@type\":\"ImageObject\",\"inLanguage\":\"fr-FR\",\"@id\":\"https:\\\/\\\/secure.gravatar.com\\\/avatar\\\/1dc8cea5aac6dabbe870f8f04360eb36dfd9d487360876e6a3a86d063189c284?s=96&d=mm&r=g\",\"url\":\"https:\\\/\\\/secure.gravatar.com\\\/avatar\\\/1dc8cea5aac6dabbe870f8f04360eb36dfd9d487360876e6a3a86d063189c284?s=96&d=mm&r=g\",\"contentUrl\":\"https:\\\/\\\/secure.gravatar.com\\\/avatar\\\/1dc8cea5aac6dabbe870f8f04360eb36dfd9d487360876e6a3a86d063189c284?s=96&d=mm&r=g\",\"caption\":\"Jonas Z\u00fcrcher\"},\"sameAs\":[\"http:\\\/\\\/jonaszuercher.ch\",\"https:\\\/\\\/www.facebook.com\\\/zuercher.jonas\"],\"url\":\"https:\\\/\\\/transparenz-ja.ch\\\/fr\\\/author\\\/jzuercher\\\/\"}]}<\/script>\n<!-- \/ Yoast SEO plugin. -->","yoast_head_json":{"title":"L\u2019initiative transparence atteint les 120\u2009000 signatures - Transparenz-Initiative","robots":{"index":"index","follow":"follow","max-snippet":"max-snippet:-1","max-image-preview":"max-image-preview:large","max-video-preview":"max-video-preview:-1"},"canonical":"https:\/\/transparenz-ja.ch\/fr\/linitiative-transparence-atteint-les-120\u2009000-signatures\/","og_locale":"fr_FR","og_type":"article","og_title":"L\u2019initiative transparence atteint les 120\u2009000 signatures - Transparenz-Initiative","og_description":"L\u2019initiative populaire \u00ab\u2009pour plus de transparence dans le financement de la vie politique\u2009\u00bb a abouti. La coalition interpartis a r\u00e9colt\u00e9 plus de 120\u2009000 signatures et d\u00e9posera ainsi, cet automne et dans les d\u00e9lais, l\u2019initiative transparence. Les citoyennes et citoyens seront appel\u00e9s \u00e0 se prononcer si les partis et les comit\u00e9s politiques doivent \u00e0 l\u2019avenir rendre [&hellip;]","og_url":"https:\/\/transparenz-ja.ch\/fr\/linitiative-transparence-atteint-les-120\u2009000-signatures\/","og_site_name":"Transparenz-Initiative","article_author":"https:\/\/www.facebook.com\/zuercher.jonas","article_published_time":"2017-08-11T17:45:48+00:00","author":"Jonas Z\u00fcrcher","twitter_card":"summary_large_image","twitter_misc":{"\u00c9crit par":"Jonas Z\u00fcrcher","Dur\u00e9e de lecture estim\u00e9e":"2 minutes"},"schema":{"@context":"https:\/\/schema.org","@graph":[{"@type":"Article","@id":"https:\/\/transparenz-ja.ch\/fr\/linitiative-transparence-atteint-les-120%e2%80%89000-signatures\/#article","isPartOf":{"@id":"https:\/\/transparenz-ja.ch\/fr\/linitiative-transparence-atteint-les-120%e2%80%89000-signatures\/"},"author":{"name":"Jonas Z\u00fcrcher","@id":"https:\/\/transparenz-ja.ch\/#\/schema\/person\/c7868445a8e3d1ad33024e860e2f44af"},"headline":"L\u2019initiative transparence atteint les 120\u2009000 signatures","datePublished":"2017-08-11T17:45:48+00:00","mainEntityOfPage":{"@id":"https:\/\/transparenz-ja.ch\/fr\/linitiative-transparence-atteint-les-120%e2%80%89000-signatures\/"},"wordCount":429,"articleSection":["communiqu\u00e9 de presse"],"inLanguage":"fr-FR"},{"@type":"WebPage","@id":"https:\/\/transparenz-ja.ch\/fr\/linitiative-transparence-atteint-les-120%e2%80%89000-signatures\/","url":"https:\/\/transparenz-ja.ch\/fr\/linitiative-transparence-atteint-les-120%e2%80%89000-signatures\/","name":"L\u2019initiative transparence atteint les 120\u2009000 signatures - Transparenz-Initiative","isPartOf":{"@id":"https:\/\/transparenz-ja.ch\/#website"},"datePublished":"2017-08-11T17:45:48+00:00","author":{"@id":"https:\/\/transparenz-ja.ch\/#\/schema\/person\/c7868445a8e3d1ad33024e860e2f44af"},"breadcrumb":{"@id":"https:\/\/transparenz-ja.ch\/fr\/linitiative-transparence-atteint-les-120%e2%80%89000-signatures\/#breadcrumb"},"inLanguage":"fr-FR","potentialAction":[{"@type":"ReadAction","target":["https:\/\/transparenz-ja.ch\/fr\/linitiative-transparence-atteint-les-120%e2%80%89000-signatures\/"]}]},{"@type":"BreadcrumbList","@id":"https:\/\/transparenz-ja.ch\/fr\/linitiative-transparence-atteint-les-120%e2%80%89000-signatures\/#breadcrumb","itemListElement":[{"@type":"ListItem","position":1,"name":"Startseite","item":"https:\/\/transparenz-ja.ch\/fr\/"},{"@type":"ListItem","position":2,"name":"L\u2019initiative transparence atteint les 120\u2009000 signatures"}]},{"@type":"WebSite","@id":"https:\/\/transparenz-ja.ch\/#website","url":"https:\/\/transparenz-ja.ch\/","name":"Transparenz-Initiative","description":"F\u00fcr mehr Transparenz in der Politikfinanzierung","potentialAction":[{"@type":"SearchAction","target":{"@type":"EntryPoint","urlTemplate":"https:\/\/transparenz-ja.ch\/?s={search_term_string}"},"query-input":{"@type":"PropertyValueSpecification","valueRequired":true,"valueName":"search_term_string"}}],"inLanguage":"fr-FR"},{"@type":"Person","@id":"https:\/\/transparenz-ja.ch\/#\/schema\/person\/c7868445a8e3d1ad33024e860e2f44af","name":"Jonas Z\u00fcrcher","image":{"@type":"ImageObject","inLanguage":"fr-FR","@id":"https:\/\/secure.gravatar.com\/avatar\/1dc8cea5aac6dabbe870f8f04360eb36dfd9d487360876e6a3a86d063189c284?s=96&d=mm&r=g","url":"https:\/\/secure.gravatar.com\/avatar\/1dc8cea5aac6dabbe870f8f04360eb36dfd9d487360876e6a3a86d063189c284?s=96&d=mm&r=g","contentUrl":"https:\/\/secure.gravatar.com\/avatar\/1dc8cea5aac6dabbe870f8f04360eb36dfd9d487360876e6a3a86d063189c284?s=96&d=mm&r=g","caption":"Jonas Z\u00fcrcher"},"sameAs":["http:\/\/jonaszuercher.ch","https:\/\/www.facebook.com\/zuercher.jonas"],"url":"https:\/\/transparenz-ja.ch\/fr\/author\/jzuercher\/"}]}},"_links":{"self":[{"href":"https:\/\/transparenz-ja.ch\/fr\/wp-json\/wp\/v2\/posts\/474","targetHints":{"allow":["GET"]}}],"collection":[{"href":"https:\/\/transparenz-ja.ch\/fr\/wp-json\/wp\/v2\/posts"}],"about":[{"href":"https:\/\/transparenz-ja.ch\/fr\/wp-json\/wp\/v2\/types\/post"}],"author":[{"embeddable":true,"href":"https:\/\/transparenz-ja.ch\/fr\/wp-json\/wp\/v2\/users\/68"}],"replies":[{"embeddable":true,"href":"https:\/\/transparenz-ja.ch\/fr\/wp-json\/wp\/v2\/comments?post=474"}],"version-history":[{"count":1,"href":"https:\/\/transparenz-ja.ch\/fr\/wp-json\/wp\/v2\/posts\/474\/revisions"}],"predecessor-version":[{"id":475,"href":"https:\/\/transparenz-ja.ch\/fr\/wp-json\/wp\/v2\/posts\/474\/revisions\/475"}],"wp:attachment":[{"href":"https:\/\/transparenz-ja.ch\/fr\/wp-json\/wp\/v2\/media?parent=474"}],"wp:term":[{"taxonomy":"category","embeddable":true,"href":"https:\/\/transparenz-ja.ch\/fr\/wp-json\/wp\/v2\/categories?post=474"},{"taxonomy":"post_tag","embeddable":true,"href":"https:\/\/transparenz-ja.ch\/fr\/wp-json\/wp\/v2\/tags?post=474"}],"curies":[{"name":"wp","href":"https:\/\/api.w.org\/{rel}","templated":true}]}}