{"id":323,"date":"2016-04-26T14:56:15","date_gmt":"2016-04-26T12:56:15","guid":{"rendered":"http:\/\/transparenz-ja.ch\/fr\/?p=323"},"modified":"2016-04-26T14:56:15","modified_gmt":"2016-04-26T12:56:15","slug":"la-recolte-de-signatures-est-lancee","status":"publish","type":"post","link":"https:\/\/transparenz-ja.ch\/fr\/la-recolte-de-signatures-est-lancee\/","title":{"rendered":"La r\u00e9colte de signatures est lanc\u00e9e"},"content":{"rendered":"<p><strong>Avec la publication du texte de l\u2019initiative dans la feuille f\u00e9d\u00e9rale, le signal de d\u00e9part est donn\u00e9 pour la r\u00e9colte de signatures. L\u2019initiative \u00ab pour plus de transparence dans le financement de la vie politique \u00bb souhaite apporter de la clart\u00e9 aux \u00e9lectrices et \u00e9lecteurs sur les flux financiers des campagnes politiques. Elle demande la publication des comptes des partis politiques, l\u2019interdiction des dons anonymes et une publicit\u00e9 de tous les dons de plus de 10&rsquo;000 francs par personne et par an \u00e0 un parti ou \u00e0 un comit\u00e9.<\/strong><!--more--><\/p>\n<p>L\u2019alliance \u00ab pour plus de transparence dans le financement de la vie politique \u00bb a pr\u00e9sent\u00e9 ses arguments aujourd\u2019hui lors d\u2019une conf\u00e9rence de presse \u00e0 Berne. Nadine Masshardt, conseill\u00e8re nationale socialiste (BE) et co-pr\u00e9sidente de la coalition, a expliqu\u00e9 que la d\u00e9mocratie est au centre de cette d\u00e9marche : \u00ab nous sommes convaincus que la transparence dans le financement de la vie politique est un gage de confiance pour les citoyennes et citoyens. Elle renforce la d\u00e9mocratie. \u00bb<\/p>\n<p>Le souhait de transparence en politique transcende les fronti\u00e8res partisanes. Comme l\u2019a pr\u00e9cis\u00e9 Lisa Mazzone, conseill\u00e8re nationale verte (GE) et \u00e9galement co-pr\u00e9sidente de l\u2019alliance, les sondages d\u00e9montrent que la transparence est largement souhait\u00e9e au sein de la population. \u00ab Le temps est venu de permettre \u00e0 la population de s\u2019exprimer sur le sujet. \u00bb<\/p>\n<p>Rosmarie Quadranti, la troisi\u00e8me co-pr\u00e9sidente de la coalition et conseill\u00e8re nationale PBD (ZH) a rappel\u00e9 la valeur de la transparence dans un syst\u00e8me de milice tel que le n\u00f4tre : \u00ab comme politiciennes et politiciens de milice, nous pouvons \u00eatre d\u00e9pendants de ceux qui nous soutiennent \u00bb. En ce sens, il est important que ces liens \u00e9troits soient rendus publics : \u00ab les citoyennes et citoyens doivent savoir qui finance quel type de projet et l\u2019int\u00e9r\u00eat qu\u2019il pourrait y trouver en cas de succ\u00e8s \u00bb.<\/p>\n<p>Claudio Kuster, habitu\u00e9 des campagnes en tant que co-initiant de l\u2019initiative \u00ab contre les r\u00e9mun\u00e9rations abusives \u00bb, a expliqu\u00e9 que la publication des budgets, des comptes et des donations devrait \u00eatre effectu\u00e9e via la Chancellerie f\u00e9d\u00e9rale. Selon lui, \u00ab fondamentalement, la publication des sommes deviendrait une obligation inh\u00e9rente aux partis, comit\u00e9s, et candidats \u00bb. La Chancellerie f\u00e9d\u00e9rale devrait r\u00e9aliser un contr\u00f4le et quiconque contreviendrait aux r\u00e8gles de publicit\u00e9 serait susceptible d\u2019encourir des sanctions. Ces sanctions seraient d\u00e9finies par le parlement, dans la loi d\u2019application.<\/p>\n<p>Guillaume Saouli, co-pr\u00e9sident du Parti pirate, a plaid\u00e9 pour un changement de mentalit\u00e9 dans le monde politique. En effet, la Suisse est aujourd\u2019hui le seul pays d\u2019Europe qui ne conna\u00eet aucune r\u00e8gle sur la transparence du financement de la vie politique. Elle a d\u2019ailleurs d\u00e9j\u00e0 \u00e9t\u00e9 point\u00e9e du doigt sur cette question \u00e0 plusieurs reprises par le GRECO (Groupe d&rsquo;Etats contre la corruption) et l\u2019OSCE.<\/p>\n<p>La jeune g\u00e9n\u00e9ration exige de la transparence et de la clart\u00e9 de la part des politiciennes et politiciens, des donatrices et donateurs, ainsi que des partis. Les participant-e-s de la Session des jeunes ont d\u00e9j\u00e0 exprim\u00e9 ce souhait en 2008 au travers d\u2019une p\u00e9tition, pr\u00e9cise Mathilde Hofer, cheffe de projet \u00e0 la Session des jeunes. L\u2019initiative sur la transparence est donc un premier pas dans la bonne direction.<\/p>\n<p>Afin d\u2019\u00eatre coh\u00e9rente avec ses propres exigences, l\u2019alliance \u00ab pour plus de transparence dans le financement de la vie politique \u00bb publie son budget pour la phase de r\u00e9colte de signatures selon les pr\u00e9ceptes du texte de l\u2019initiative. Le budget est de 250&rsquo;000 francs, dont 180&rsquo;000 proviennent du PS Suisse. Le reste est r\u00e9parti en dons individuels inf\u00e9rieurs \u00e0 10&rsquo;000 francs.<\/p>\n<p>La r\u00e9colte de signatures commence non seulement dans la rue mais aussi sur Internet. Ainsi, on peut apporter sa signature \u00e0 l\u2019initiative en utilisant la nouvelle plateforme politique wecollect.ch. Sur cette plateforme ind\u00e9pendante, plus de 35&rsquo;000 signatures ont d\u00e9j\u00e0 \u00e9t\u00e9 r\u00e9colt\u00e9es pour d\u2019autres initiatives populaires ou r\u00e9f\u00e9rendums.<\/p>\n","protected":false},"excerpt":{"rendered":"<p>Avec la publication du texte de l\u2019initiative dans la feuille f\u00e9d\u00e9rale, le signal de d\u00e9part est donn\u00e9 pour la r\u00e9colte de signatures. L\u2019initiative \u00ab pour plus de transparence dans le financement de la vie politique \u00bb souhaite apporter de la clart\u00e9 aux \u00e9lectrices et \u00e9lecteurs sur les flux financiers des campagnes politiques. Elle demande la &hellip; <a href=\"https:\/\/transparenz-ja.ch\/fr\/la-recolte-de-signatures-est-lancee\/\" title=\"La r\u00e9colte de signatures est lanc\u00e9e\" class=\"read-more\">Lire la suite<\/a><\/p>\n","protected":false},"author":68,"featured_media":319,"comment_status":"closed","ping_status":"open","sticky":false,"template":"","format":"standard","meta":{"footnotes":""},"categories":[6],"tags":[],"class_list":["post-323","post","type-post","status-publish","format-standard","has-post-thumbnail","hentry","category-communique-de-presse"],"yoast_head":"<!-- This site is optimized with the Yoast SEO plugin v27.5 - https:\/\/yoast.com\/product\/yoast-seo-wordpress\/ -->\n<title>La r\u00e9colte de signatures est lanc\u00e9e - Transparenz-Initiative<\/title>\n<meta name=\"robots\" content=\"index, follow, max-snippet:-1, max-image-preview:large, max-video-preview:-1\" \/>\n<link rel=\"canonical\" href=\"https:\/\/transparenz-ja.ch\/fr\/la-recolte-de-signatures-est-lancee\/\" \/>\n<meta property=\"og:locale\" content=\"fr_FR\" \/>\n<meta property=\"og:type\" content=\"article\" \/>\n<meta property=\"og:title\" content=\"La r\u00e9colte de signatures est lanc\u00e9e - Transparenz-Initiative\" \/>\n<meta property=\"og:description\" content=\"Avec la publication du texte de l\u2019initiative dans la feuille f\u00e9d\u00e9rale, le signal de d\u00e9part est donn\u00e9 pour la r\u00e9colte de signatures. L\u2019initiative \u00ab pour plus de transparence dans le financement de la vie politique \u00bb souhaite apporter de la clart\u00e9 aux \u00e9lectrices et \u00e9lecteurs sur les flux financiers des campagnes politiques. Elle demande la [&hellip;]\" \/>\n<meta property=\"og:url\" content=\"https:\/\/transparenz-ja.ch\/fr\/la-recolte-de-signatures-est-lancee\/\" \/>\n<meta property=\"og:site_name\" content=\"Transparenz-Initiative\" \/>\n<meta property=\"article:author\" content=\"https:\/\/www.facebook.com\/zuercher.jonas\" \/>\n<meta property=\"article:published_time\" content=\"2016-04-26T12:56:15+00:00\" \/>\n<meta property=\"og:image\" content=\"https:\/\/transparenz-ja.ch\/wp-content\/uploads\/sites\/65\/2016\/04\/DSCF5301-1024x683.jpg\" \/>\n\t<meta property=\"og:image:width\" content=\"1024\" \/>\n\t<meta property=\"og:image:height\" content=\"683\" \/>\n\t<meta property=\"og:image:type\" content=\"image\/jpeg\" \/>\n<meta name=\"author\" content=\"Jonas Z\u00fcrcher\" \/>\n<meta name=\"twitter:card\" content=\"summary_large_image\" \/>\n<meta name=\"twitter:label1\" content=\"\u00c9crit par\" \/>\n\t<meta name=\"twitter:data1\" content=\"Jonas Z\u00fcrcher\" \/>\n\t<meta name=\"twitter:label2\" content=\"Dur\u00e9e de lecture estim\u00e9e\" \/>\n\t<meta name=\"twitter:data2\" content=\"3 minutes\" \/>\n<script type=\"application\/ld+json\" class=\"yoast-schema-graph\">{\"@context\":\"https:\\\/\\\/schema.org\",\"@graph\":[{\"@type\":\"Article\",\"@id\":\"https:\\\/\\\/transparenz-ja.ch\\\/fr\\\/la-recolte-de-signatures-est-lancee\\\/#article\",\"isPartOf\":{\"@id\":\"https:\\\/\\\/transparenz-ja.ch\\\/fr\\\/la-recolte-de-signatures-est-lancee\\\/\"},\"author\":{\"name\":\"Jonas Z\u00fcrcher\",\"@id\":\"https:\\\/\\\/transparenz-ja.ch\\\/#\\\/schema\\\/person\\\/c7868445a8e3d1ad33024e860e2f44af\"},\"headline\":\"La r\u00e9colte de signatures est lanc\u00e9e\",\"datePublished\":\"2016-04-26T12:56:15+00:00\",\"mainEntityOfPage\":{\"@id\":\"https:\\\/\\\/transparenz-ja.ch\\\/fr\\\/la-recolte-de-signatures-est-lancee\\\/\"},\"wordCount\":696,\"image\":{\"@id\":\"https:\\\/\\\/transparenz-ja.ch\\\/fr\\\/la-recolte-de-signatures-est-lancee\\\/#primaryimage\"},\"thumbnailUrl\":\"https:\\\/\\\/transparenz-ja.ch\\\/wp-content\\\/uploads\\\/sites\\\/65\\\/2016\\\/04\\\/DSCF5301.jpg\",\"articleSection\":[\"communiqu\u00e9 de presse\"],\"inLanguage\":\"fr-FR\"},{\"@type\":\"WebPage\",\"@id\":\"https:\\\/\\\/transparenz-ja.ch\\\/fr\\\/la-recolte-de-signatures-est-lancee\\\/\",\"url\":\"https:\\\/\\\/transparenz-ja.ch\\\/fr\\\/la-recolte-de-signatures-est-lancee\\\/\",\"name\":\"La r\u00e9colte de signatures est lanc\u00e9e - Transparenz-Initiative\",\"isPartOf\":{\"@id\":\"https:\\\/\\\/transparenz-ja.ch\\\/#website\"},\"primaryImageOfPage\":{\"@id\":\"https:\\\/\\\/transparenz-ja.ch\\\/fr\\\/la-recolte-de-signatures-est-lancee\\\/#primaryimage\"},\"image\":{\"@id\":\"https:\\\/\\\/transparenz-ja.ch\\\/fr\\\/la-recolte-de-signatures-est-lancee\\\/#primaryimage\"},\"thumbnailUrl\":\"https:\\\/\\\/transparenz-ja.ch\\\/wp-content\\\/uploads\\\/sites\\\/65\\\/2016\\\/04\\\/DSCF5301.jpg\",\"datePublished\":\"2016-04-26T12:56:15+00:00\",\"author\":{\"@id\":\"https:\\\/\\\/transparenz-ja.ch\\\/#\\\/schema\\\/person\\\/c7868445a8e3d1ad33024e860e2f44af\"},\"breadcrumb\":{\"@id\":\"https:\\\/\\\/transparenz-ja.ch\\\/fr\\\/la-recolte-de-signatures-est-lancee\\\/#breadcrumb\"},\"inLanguage\":\"fr-FR\",\"potentialAction\":[{\"@type\":\"ReadAction\",\"target\":[\"https:\\\/\\\/transparenz-ja.ch\\\/fr\\\/la-recolte-de-signatures-est-lancee\\\/\"]}]},{\"@type\":\"ImageObject\",\"inLanguage\":\"fr-FR\",\"@id\":\"https:\\\/\\\/transparenz-ja.ch\\\/fr\\\/la-recolte-de-signatures-est-lancee\\\/#primaryimage\",\"url\":\"https:\\\/\\\/transparenz-ja.ch\\\/wp-content\\\/uploads\\\/sites\\\/65\\\/2016\\\/04\\\/DSCF5301.jpg\",\"contentUrl\":\"https:\\\/\\\/transparenz-ja.ch\\\/wp-content\\\/uploads\\\/sites\\\/65\\\/2016\\\/04\\\/DSCF5301.jpg\",\"width\":4896,\"height\":3264},{\"@type\":\"BreadcrumbList\",\"@id\":\"https:\\\/\\\/transparenz-ja.ch\\\/fr\\\/la-recolte-de-signatures-est-lancee\\\/#breadcrumb\",\"itemListElement\":[{\"@type\":\"ListItem\",\"position\":1,\"name\":\"Startseite\",\"item\":\"https:\\\/\\\/transparenz-ja.ch\\\/fr\\\/\"},{\"@type\":\"ListItem\",\"position\":2,\"name\":\"La r\u00e9colte de signatures est lanc\u00e9e\"}]},{\"@type\":\"WebSite\",\"@id\":\"https:\\\/\\\/transparenz-ja.ch\\\/#website\",\"url\":\"https:\\\/\\\/transparenz-ja.ch\\\/\",\"name\":\"Transparenz-Initiative\",\"description\":\"F\u00fcr mehr Transparenz in der Politikfinanzierung\",\"potentialAction\":[{\"@type\":\"SearchAction\",\"target\":{\"@type\":\"EntryPoint\",\"urlTemplate\":\"https:\\\/\\\/transparenz-ja.ch\\\/?s={search_term_string}\"},\"query-input\":{\"@type\":\"PropertyValueSpecification\",\"valueRequired\":true,\"valueName\":\"search_term_string\"}}],\"inLanguage\":\"fr-FR\"},{\"@type\":\"Person\",\"@id\":\"https:\\\/\\\/transparenz-ja.ch\\\/#\\\/schema\\\/person\\\/c7868445a8e3d1ad33024e860e2f44af\",\"name\":\"Jonas Z\u00fcrcher\",\"image\":{\"@type\":\"ImageObject\",\"inLanguage\":\"fr-FR\",\"@id\":\"https:\\\/\\\/secure.gravatar.com\\\/avatar\\\/1dc8cea5aac6dabbe870f8f04360eb36dfd9d487360876e6a3a86d063189c284?s=96&d=mm&r=g\",\"url\":\"https:\\\/\\\/secure.gravatar.com\\\/avatar\\\/1dc8cea5aac6dabbe870f8f04360eb36dfd9d487360876e6a3a86d063189c284?s=96&d=mm&r=g\",\"contentUrl\":\"https:\\\/\\\/secure.gravatar.com\\\/avatar\\\/1dc8cea5aac6dabbe870f8f04360eb36dfd9d487360876e6a3a86d063189c284?s=96&d=mm&r=g\",\"caption\":\"Jonas Z\u00fcrcher\"},\"sameAs\":[\"http:\\\/\\\/jonaszuercher.ch\",\"https:\\\/\\\/www.facebook.com\\\/zuercher.jonas\"],\"url\":\"https:\\\/\\\/transparenz-ja.ch\\\/fr\\\/author\\\/jzuercher\\\/\"}]}<\/script>\n<!-- \/ Yoast SEO plugin. -->","yoast_head_json":{"title":"La r\u00e9colte de signatures est lanc\u00e9e - Transparenz-Initiative","robots":{"index":"index","follow":"follow","max-snippet":"max-snippet:-1","max-image-preview":"max-image-preview:large","max-video-preview":"max-video-preview:-1"},"canonical":"https:\/\/transparenz-ja.ch\/fr\/la-recolte-de-signatures-est-lancee\/","og_locale":"fr_FR","og_type":"article","og_title":"La r\u00e9colte de signatures est lanc\u00e9e - Transparenz-Initiative","og_description":"Avec la publication du texte de l\u2019initiative dans la feuille f\u00e9d\u00e9rale, le signal de d\u00e9part est donn\u00e9 pour la r\u00e9colte de signatures. L\u2019initiative \u00ab pour plus de transparence dans le financement de la vie politique \u00bb souhaite apporter de la clart\u00e9 aux \u00e9lectrices et \u00e9lecteurs sur les flux financiers des campagnes politiques. Elle demande la [&hellip;]","og_url":"https:\/\/transparenz-ja.ch\/fr\/la-recolte-de-signatures-est-lancee\/","og_site_name":"Transparenz-Initiative","article_author":"https:\/\/www.facebook.com\/zuercher.jonas","article_published_time":"2016-04-26T12:56:15+00:00","og_image":[{"width":1024,"height":683,"url":"https:\/\/transparenz-ja.ch\/wp-content\/uploads\/sites\/65\/2016\/04\/DSCF5301-1024x683.jpg","type":"image\/jpeg"}],"author":"Jonas Z\u00fcrcher","twitter_card":"summary_large_image","twitter_misc":{"\u00c9crit par":"Jonas Z\u00fcrcher","Dur\u00e9e de lecture estim\u00e9e":"3 minutes"},"schema":{"@context":"https:\/\/schema.org","@graph":[{"@type":"Article","@id":"https:\/\/transparenz-ja.ch\/fr\/la-recolte-de-signatures-est-lancee\/#article","isPartOf":{"@id":"https:\/\/transparenz-ja.ch\/fr\/la-recolte-de-signatures-est-lancee\/"},"author":{"name":"Jonas Z\u00fcrcher","@id":"https:\/\/transparenz-ja.ch\/#\/schema\/person\/c7868445a8e3d1ad33024e860e2f44af"},"headline":"La r\u00e9colte de signatures est lanc\u00e9e","datePublished":"2016-04-26T12:56:15+00:00","mainEntityOfPage":{"@id":"https:\/\/transparenz-ja.ch\/fr\/la-recolte-de-signatures-est-lancee\/"},"wordCount":696,"image":{"@id":"https:\/\/transparenz-ja.ch\/fr\/la-recolte-de-signatures-est-lancee\/#primaryimage"},"thumbnailUrl":"https:\/\/transparenz-ja.ch\/wp-content\/uploads\/sites\/65\/2016\/04\/DSCF5301.jpg","articleSection":["communiqu\u00e9 de presse"],"inLanguage":"fr-FR"},{"@type":"WebPage","@id":"https:\/\/transparenz-ja.ch\/fr\/la-recolte-de-signatures-est-lancee\/","url":"https:\/\/transparenz-ja.ch\/fr\/la-recolte-de-signatures-est-lancee\/","name":"La r\u00e9colte de signatures est lanc\u00e9e - Transparenz-Initiative","isPartOf":{"@id":"https:\/\/transparenz-ja.ch\/#website"},"primaryImageOfPage":{"@id":"https:\/\/transparenz-ja.ch\/fr\/la-recolte-de-signatures-est-lancee\/#primaryimage"},"image":{"@id":"https:\/\/transparenz-ja.ch\/fr\/la-recolte-de-signatures-est-lancee\/#primaryimage"},"thumbnailUrl":"https:\/\/transparenz-ja.ch\/wp-content\/uploads\/sites\/65\/2016\/04\/DSCF5301.jpg","datePublished":"2016-04-26T12:56:15+00:00","author":{"@id":"https:\/\/transparenz-ja.ch\/#\/schema\/person\/c7868445a8e3d1ad33024e860e2f44af"},"breadcrumb":{"@id":"https:\/\/transparenz-ja.ch\/fr\/la-recolte-de-signatures-est-lancee\/#breadcrumb"},"inLanguage":"fr-FR","potentialAction":[{"@type":"ReadAction","target":["https:\/\/transparenz-ja.ch\/fr\/la-recolte-de-signatures-est-lancee\/"]}]},{"@type":"ImageObject","inLanguage":"fr-FR","@id":"https:\/\/transparenz-ja.ch\/fr\/la-recolte-de-signatures-est-lancee\/#primaryimage","url":"https:\/\/transparenz-ja.ch\/wp-content\/uploads\/sites\/65\/2016\/04\/DSCF5301.jpg","contentUrl":"https:\/\/transparenz-ja.ch\/wp-content\/uploads\/sites\/65\/2016\/04\/DSCF5301.jpg","width":4896,"height":3264},{"@type":"BreadcrumbList","@id":"https:\/\/transparenz-ja.ch\/fr\/la-recolte-de-signatures-est-lancee\/#breadcrumb","itemListElement":[{"@type":"ListItem","position":1,"name":"Startseite","item":"https:\/\/transparenz-ja.ch\/fr\/"},{"@type":"ListItem","position":2,"name":"La r\u00e9colte de signatures est lanc\u00e9e"}]},{"@type":"WebSite","@id":"https:\/\/transparenz-ja.ch\/#website","url":"https:\/\/transparenz-ja.ch\/","name":"Transparenz-Initiative","description":"F\u00fcr mehr Transparenz in der Politikfinanzierung","potentialAction":[{"@type":"SearchAction","target":{"@type":"EntryPoint","urlTemplate":"https:\/\/transparenz-ja.ch\/?s={search_term_string}"},"query-input":{"@type":"PropertyValueSpecification","valueRequired":true,"valueName":"search_term_string"}}],"inLanguage":"fr-FR"},{"@type":"Person","@id":"https:\/\/transparenz-ja.ch\/#\/schema\/person\/c7868445a8e3d1ad33024e860e2f44af","name":"Jonas Z\u00fcrcher","image":{"@type":"ImageObject","inLanguage":"fr-FR","@id":"https:\/\/secure.gravatar.com\/avatar\/1dc8cea5aac6dabbe870f8f04360eb36dfd9d487360876e6a3a86d063189c284?s=96&d=mm&r=g","url":"https:\/\/secure.gravatar.com\/avatar\/1dc8cea5aac6dabbe870f8f04360eb36dfd9d487360876e6a3a86d063189c284?s=96&d=mm&r=g","contentUrl":"https:\/\/secure.gravatar.com\/avatar\/1dc8cea5aac6dabbe870f8f04360eb36dfd9d487360876e6a3a86d063189c284?s=96&d=mm&r=g","caption":"Jonas Z\u00fcrcher"},"sameAs":["http:\/\/jonaszuercher.ch","https:\/\/www.facebook.com\/zuercher.jonas"],"url":"https:\/\/transparenz-ja.ch\/fr\/author\/jzuercher\/"}]}},"_links":{"self":[{"href":"https:\/\/transparenz-ja.ch\/fr\/wp-json\/wp\/v2\/posts\/323","targetHints":{"allow":["GET"]}}],"collection":[{"href":"https:\/\/transparenz-ja.ch\/fr\/wp-json\/wp\/v2\/posts"}],"about":[{"href":"https:\/\/transparenz-ja.ch\/fr\/wp-json\/wp\/v2\/types\/post"}],"author":[{"embeddable":true,"href":"https:\/\/transparenz-ja.ch\/fr\/wp-json\/wp\/v2\/users\/68"}],"replies":[{"embeddable":true,"href":"https:\/\/transparenz-ja.ch\/fr\/wp-json\/wp\/v2\/comments?post=323"}],"version-history":[{"count":1,"href":"https:\/\/transparenz-ja.ch\/fr\/wp-json\/wp\/v2\/posts\/323\/revisions"}],"predecessor-version":[{"id":324,"href":"https:\/\/transparenz-ja.ch\/fr\/wp-json\/wp\/v2\/posts\/323\/revisions\/324"}],"wp:featuredmedia":[{"embeddable":true,"href":"https:\/\/transparenz-ja.ch\/fr\/wp-json\/wp\/v2\/media\/319"}],"wp:attachment":[{"href":"https:\/\/transparenz-ja.ch\/fr\/wp-json\/wp\/v2\/media?parent=323"}],"wp:term":[{"taxonomy":"category","embeddable":true,"href":"https:\/\/transparenz-ja.ch\/fr\/wp-json\/wp\/v2\/categories?post=323"},{"taxonomy":"post_tag","embeddable":true,"href":"https:\/\/transparenz-ja.ch\/fr\/wp-json\/wp\/v2\/tags?post=323"}],"curies":[{"name":"wp","href":"https:\/\/api.w.org\/{rel}","templated":true}]}}